{"id":3764,"date":"2013-02-16T18:31:38","date_gmt":"2013-02-16T17:31:38","guid":{"rendered":"http:\/\/www.fieldarts.com\/?p=3764"},"modified":"2013-02-16T18:31:38","modified_gmt":"2013-02-16T17:31:38","slug":"francis-van-der-riet-fontaine-barberini","status":"publish","type":"post","link":"https:\/\/www.fieldarts.com\/?p=3764","title":{"rendered":"Francis Van Der Riet. Fontaine Barberini"},"content":{"rendered":"<p>Lithographie de Francis Van Der Riet<br \/>\n<strong><em><strong>&#8211; <\/strong><\/em><\/strong><strong>Prix : 4<strong><em>5<strong><strong><strong> \u20ac<\/strong><\/strong><\/strong><\/em><\/strong><\/strong><strong><br \/>\n<\/strong>&#8211; Dimension : 28,5 x 38 cm (motif : 14,8 x 19,8 cm)<strong><br \/>\n&#8211; <\/strong>Num\u00e9rot\u00e9e sur 101 &amp; sign\u00e9e \u00e0 la main<strong><br \/>\nEn Tr\u00e8s Bon Etat<\/strong><\/p>\n<p><em><strong><a href=\"http:\/\/www.fieldarts.com\/?page_id=57\">RESERVER CET ARTICLE<\/p>\n<p><\/a><a href=\"http:\/\/www.fieldarts.com\/wp-content\/uploads\/2013\/02\/Francis-van-der-Riet_Fontaine-Barberini1.jpg\" target=\"_blank\"><img loading=\"lazy\" decoding=\"async\" class=\"alignleft size-full wp-image-3765\" title=\"Francis van der Riet_Fontaine Barberini1\" src=\"http:\/\/www.fieldarts.com\/wp-content\/uploads\/2013\/02\/Francis-van-der-Riet_Fontaine-Barberini1.jpg\" alt=\"\" width=\"650\" height=\"890\" srcset=\"https:\/\/www.fieldarts.com\/wp-content\/uploads\/2013\/02\/Francis-van-der-Riet_Fontaine-Barberini1.jpg 650w, https:\/\/www.fieldarts.com\/wp-content\/uploads\/2013\/02\/Francis-van-der-Riet_Fontaine-Barberini1-219x300.jpg 219w, https:\/\/www.fieldarts.com\/wp-content\/uploads\/2013\/02\/Francis-van-der-Riet_Fontaine-Barberini1-127x175.jpg 127w\" sizes=\"auto, (max-width: 650px) 100vw, 650px\" \/><\/a><a href=\"http:\/\/www.fieldarts.com\/?page_id=57\"><br \/>\n<\/a><\/strong><\/em><\/p>\n","protected":false},"excerpt":{"rendered":"<p>Lithographie de Francis Van Der Riet &#8211; Prix : 45 \u20ac &#8211; Dimension : 28,5 x 38 cm (motif : 14,8 x 19,8 cm) &#8211; Num\u00e9rot\u00e9e sur 101 &amp; sign\u00e9e \u00e0 la main En Tr\u00e8s Bon Etat RESERVER CET ARTICLE<\/p>\n","protected":false},"author":2,"featured_media":0,"comment_status":"closed","ping_status":"closed","sticky":false,"template":"","format":"standard","meta":{"footnotes":""},"categories":[23,22,11,137],"tags":[72,245,13],"class_list":["post-3764","post","type-post","status-publish","format-standard","hentry","category-auteur-1","category-bandes-dessinees","category-estampes","category-francis-van-der-riet","tag-estampe","tag-francis-van-der-riet","tag-lithographie"],"_links":{"self":[{"href":"https:\/\/www.fieldarts.com\/index.php?rest_route=\/wp\/v2\/posts\/3764","targetHints":{"allow":["GET"]}}],"collection":[{"href":"https:\/\/www.fieldarts.com\/index.php?rest_route=\/wp\/v2\/posts"}],"about":[{"href":"https:\/\/www.fieldarts.com\/index.php?rest_route=\/wp\/v2\/types\/post"}],"author":[{"embeddable":true,"href":"https:\/\/www.fieldarts.com\/index.php?rest_route=\/wp\/v2\/users\/2"}],"replies":[{"embeddable":true,"href":"https:\/\/www.fieldarts.com\/index.php?rest_route=%2Fwp%2Fv2%2Fcomments&post=3764"}],"version-history":[{"count":2,"href":"https:\/\/www.fieldarts.com\/index.php?rest_route=\/wp\/v2\/posts\/3764\/revisions"}],"predecessor-version":[{"id":3767,"href":"https:\/\/www.fieldarts.com\/index.php?rest_route=\/wp\/v2\/posts\/3764\/revisions\/3767"}],"wp:attachment":[{"href":"https:\/\/www.fieldarts.com\/index.php?rest_route=%2Fwp%2Fv2%2Fmedia&parent=3764"}],"wp:term":[{"taxonomy":"category","embeddable":true,"href":"https:\/\/www.fieldarts.com\/index.php?rest_route=%2Fwp%2Fv2%2Fcategories&post=3764"},{"taxonomy":"post_tag","embeddable":true,"href":"https:\/\/www.fieldarts.com\/index.php?rest_route=%2Fwp%2Fv2%2Ftags&post=3764"}],"curies":[{"name":"wp","href":"https:\/\/api.w.org\/{rel}","templated":true}]}}